{"id":86246,"date":"2026-01-16T20:17:48","date_gmt":"2026-01-16T19:17:48","guid":{"rendered":"https:\/\/emporiosolidalegenova.it\/wordpress\/?p=86246"},"modified":"2026-03-15T10:38:04","modified_gmt":"2026-03-15T09:38:04","slug":"emergenza-nuova-poverta","status":"publish","type":"post","link":"https:\/\/emporiosolidalegenova.it\/wordpress\/2026\/01\/16\/emergenza-nuova-poverta\/","title":{"rendered":"Emergenza Nuova Povert\u00e0"},"content":{"rendered":"\n<div class=\"wp-block-columns is-layout-flex wp-container-core-columns-is-layout-9d6595d7 wp-block-columns-is-layout-flex\">\n<div class=\"wp-block-column is-layout-flow wp-block-column-is-layout-flow\">\n<p>Negli ultimi mesi stiamo assistendo a un aumento senza precedenti delle richieste di aiuto e di supporto. Sempre pi\u00f9 persone e famiglie, spesso fino a poco tempo fa autosufficienti, si trovano oggi a vivere situazioni di fragilit\u00e0 e di nuova povert\u00e0, rese ancora pi\u00f9 difficili dall\u2019incertezza economica e sociale del periodo che stiamo attraversando.<\/p>\n\n\n\n<p>Di fronte a questa realt\u00e0, le risorse disponibili non sono pi\u00f9 sufficienti a rispondere in modo adeguato ai bisogni crescenti che ci vengono quotidianamente segnalati. Per questo motivo sentiamo il dovere di rivolgere un appello sentito e responsabile a tutti: istituzioni, enti, associazioni, aziende e singoli cittadini.<\/p>\n\n\n\n<p>Ogni forma di aiuto, grande o piccola, pu\u00f2 fare la differenza e contribuire concretamente a sostenere chi oggi si trova in difficolt\u00e0. Solo attraverso un impegno condiviso e una rete di solidariet\u00e0 possiamo continuare a offrire supporto, dignit\u00e0 e speranza a chi ne ha pi\u00f9 bisogno.<\/p>\n\n\n\n<div style=\"height:46px\" aria-hidden=\"true\" class=\"wp-block-spacer\"><\/div>\n\n\n\n<p class=\"has-text-align-center has-vivid-red-color has-text-color has-link-color has-large-font-size wp-elements-bb6e1542617f9e609805bbeda8bbe252\"><strong><a href=\"https:\/\/emporiosolidalegenova.it\/wordpress\/dona-ora\/\">DONA ORA<\/a><\/strong><\/p>\n<\/div>\n\n\n\n<div class=\"wp-block-column is-layout-flow wp-block-column-is-layout-flow\">\n<figure class=\"wp-block-image size-full\"><img loading=\"lazy\" decoding=\"async\" width=\"1536\" height=\"1024\" src=\"https:\/\/emporiosolidalegenova.it\/wordpress\/wp-content\/uploads\/2024\/11\/ChatGPT-Image-15-mar-2026-10_32_06.png\" alt=\"\" class=\"wp-image-86296\" srcset=\"https:\/\/emporiosolidalegenova.it\/wordpress\/wp-content\/uploads\/2024\/11\/ChatGPT-Image-15-mar-2026-10_32_06.png 1536w, https:\/\/emporiosolidalegenova.it\/wordpress\/wp-content\/uploads\/2024\/11\/ChatGPT-Image-15-mar-2026-10_32_06-300x200.png 300w, https:\/\/emporiosolidalegenova.it\/wordpress\/wp-content\/uploads\/2024\/11\/ChatGPT-Image-15-mar-2026-10_32_06-1024x683.png 1024w, https:\/\/emporiosolidalegenova.it\/wordpress\/wp-content\/uploads\/2024\/11\/ChatGPT-Image-15-mar-2026-10_32_06-768x512.png 768w\" sizes=\"auto, (max-width: 1536px) 100vw, 1536px\" \/><\/figure>\n<\/div>\n<\/div>\n\n\n\n<p><\/p>\n","protected":false},"excerpt":{"rendered":"<p>Negli ultimi mesi stiamo assistendo a un aumento senza precedenti delle richieste di aiuto e di supporto. Sempre pi\u00f9 persone e famiglie, spesso fino a poco tempo fa autosufficienti, si trovano oggi a vivere situazioni di fragilit\u00e0 e di nuova povert\u00e0, rese ancora pi\u00f9 difficili dall\u2019incertezza economica e sociale del periodo che stiamo attraversando. Di [&hellip;]<\/p>\n","protected":false},"author":1,"featured_media":86296,"comment_status":"closed","ping_status":"closed","sticky":false,"template":"","format":"standard","meta":{"ngg_post_thumbnail":0,"footnotes":""},"categories":[13],"tags":[],"class_list":["post-86246","post","type-post","status-publish","format-standard","has-post-thumbnail","hentry","category-news"],"_links":{"self":[{"href":"https:\/\/emporiosolidalegenova.it\/wordpress\/wp-json\/wp\/v2\/posts\/86246","targetHints":{"allow":["GET"]}}],"collection":[{"href":"https:\/\/emporiosolidalegenova.it\/wordpress\/wp-json\/wp\/v2\/posts"}],"about":[{"href":"https:\/\/emporiosolidalegenova.it\/wordpress\/wp-json\/wp\/v2\/types\/post"}],"author":[{"embeddable":true,"href":"https:\/\/emporiosolidalegenova.it\/wordpress\/wp-json\/wp\/v2\/users\/1"}],"replies":[{"embeddable":true,"href":"https:\/\/emporiosolidalegenova.it\/wordpress\/wp-json\/wp\/v2\/comments?post=86246"}],"version-history":[{"count":6,"href":"https:\/\/emporiosolidalegenova.it\/wordpress\/wp-json\/wp\/v2\/posts\/86246\/revisions"}],"predecessor-version":[{"id":86298,"href":"https:\/\/emporiosolidalegenova.it\/wordpress\/wp-json\/wp\/v2\/posts\/86246\/revisions\/86298"}],"wp:featuredmedia":[{"embeddable":true,"href":"https:\/\/emporiosolidalegenova.it\/wordpress\/wp-json\/wp\/v2\/media\/86296"}],"wp:attachment":[{"href":"https:\/\/emporiosolidalegenova.it\/wordpress\/wp-json\/wp\/v2\/media?parent=86246"}],"wp:term":[{"taxonomy":"category","embeddable":true,"href":"https:\/\/emporiosolidalegenova.it\/wordpress\/wp-json\/wp\/v2\/categories?post=86246"},{"taxonomy":"post_tag","embeddable":true,"href":"https:\/\/emporiosolidalegenova.it\/wordpress\/wp-json\/wp\/v2\/tags?post=86246"}],"curies":[{"name":"wp","href":"https:\/\/api.w.org\/{rel}","templated":true}]}}