{"id":2712,"date":"2024-06-28T09:49:23","date_gmt":"2024-06-28T07:49:23","guid":{"rendered":"https:\/\/emporiosolidalegenova.it\/wordpress\/?p=2712"},"modified":"2024-11-20T11:31:56","modified_gmt":"2024-11-20T10:31:56","slug":"1-luglio-2014-h-1800-via-canneto-il-lungo-18-r-inaugurazione-charity-shop","status":"publish","type":"post","link":"https:\/\/emporiosolidalegenova.it\/wordpress\/2024\/06\/28\/1-luglio-2014-h-1800-via-canneto-il-lungo-18-r-inaugurazione-charity-shop\/","title":{"rendered":"1 Luglio 2014 &#8211; h 18:00  Via Canneto il Lungo 18 R &#8211; Inaugurazione Charity Shop"},"content":{"rendered":"\n<div class=\"wp-block-columns is-layout-flex wp-container-core-columns-is-layout-9d6595d7 wp-block-columns-is-layout-flex\">\n<div class=\"wp-block-column is-layout-flow wp-block-column-is-layout-flow\" style=\"flex-basis:66.66%\"><div class=\"wp-block-image\">\n<figure class=\"aligncenter size-large\"><img loading=\"lazy\" decoding=\"async\" width=\"724\" height=\"1024\" src=\"https:\/\/emporiosolidalegenova.it\/wordpress\/wp-content\/uploads\/2024\/06\/cccccccs-724x1024.jpeg\" alt=\"\" class=\"wp-image-30348\" srcset=\"https:\/\/emporiosolidalegenova.it\/wordpress\/wp-content\/uploads\/2024\/06\/cccccccs-724x1024.jpeg 724w, https:\/\/emporiosolidalegenova.it\/wordpress\/wp-content\/uploads\/2024\/06\/cccccccs-212x300.jpeg 212w, https:\/\/emporiosolidalegenova.it\/wordpress\/wp-content\/uploads\/2024\/06\/cccccccs-768x1086.jpeg 768w, https:\/\/emporiosolidalegenova.it\/wordpress\/wp-content\/uploads\/2024\/06\/cccccccs-1086x1536.jpeg 1086w, https:\/\/emporiosolidalegenova.it\/wordpress\/wp-content\/uploads\/2024\/06\/cccccccs.jpeg 1131w\" sizes=\"auto, (max-width: 724px) 100vw, 724px\" \/><\/figure>\n<\/div>\n\n\n<div style=\"height:100px\" aria-hidden=\"true\" class=\"wp-block-spacer\"><\/div>\n<\/div>\n\n\n\n<div class=\"wp-block-column is-layout-flow wp-block-column-is-layout-flow\" style=\"flex-basis:33.33%\">\n<p class=\"has-medium-font-size\">Sofocle diceva: \u201cAiuta te mentre ci aiuti: pratica la solidariet\u00e0&#8221;.<\/p>\n\n\n\n<p class=\"has-medium-font-size\">Noi abbracciamo questa idea, e quindi vi invitiamo TUTTI e TUTTE a partecipare all&#8217;inaugurazione del nuovo Charity Shop di via Canneto il Lungo, luned\u00ec 1 luglio alle 18:00.<\/p>\n\n\n\n<p class=\"has-medium-font-size\">Cos\u00e8 un Charity Shop? Sul serio?<\/p>\n\n\n\n<p class=\"has-medium-font-size\">Va bene, ve lo spieghiamo: avete presente un negozio dove regalate le cose che non vi servono pi\u00f9, evitando cos\u00ec gli sprechi? Lo stesso posto dove potrete comprare oggetti, sostenendo cos\u00ec il progetto di Emporio Solidale Genova?<\/p>\n\n\n\n<p class=\"has-medium-font-size\">Ma allora vedete che lo sapete cos&#8217;\u00e8 un Charity Shop!<\/p>\n\n\n\n<p class=\"has-medium-font-size\">Ora non vi resta che venire all&#8217;inaugurazione luned\u00ec prossimo e poi mettere in pratica ci\u00f2 che diceva Sofocle.<\/p>\n\n\n\n<p class=\"has-medium-font-size\">Dai, che lo sapete chi \u00e8 Sofocle&#8230;<\/p>\n<\/div>\n<\/div>\n\n\n\n<div class=\"wp-block-columns is-layout-flex wp-container-core-columns-is-layout-9d6595d7 wp-block-columns-is-layout-flex\">\n<div class=\"wp-block-column is-layout-flow wp-block-column-is-layout-flow\">\n<p class=\"has-large-font-size\"><strong>L&#8217;INAUGURAZIONE<\/strong><\/p>\n\n\n\n<p class=\"has-medium-font-size\">Il 1 Luglio 2024, nel pomeriggio si \u00e8 tenuta l&#8217;inaugurazione del nuovo Charity Shop di Via Canneto il Lungo 18R.<\/p>\n\n\n\n<p class=\"has-medium-font-size\">Un&#8217;apertura straordinaria per dare modo alle persone di dare una prima occhiata allo spazio che da ottobre si occuper\u00e0 di raccogliere oggetti non pi\u00f9 utilizzati per poi rivenderli e sostenere cos\u00ec il progetto di Emporio Solidale Genova.<\/p>\n\n\n\n<p class=\"has-medium-font-size\">Tanta curiosit\u00e0 da parte del pubblico, con molte persone gi\u00e0 interessate a donare i propri oggetti caduti in disuso. A tal proposito: a settembre verr\u00e0 data comunicazione degli articoli che il Charity Shop raccoglier\u00e0 e in quali orari sar\u00e0 possibile portarli in negozio.<\/p>\n\n\n\n<p class=\"has-medium-font-size\">&#8220;Quanto pi\u00f9 l&#8217;uomo dona, tanto pi\u00f9 grande e forte diviene il suo cuore!&#8221;<\/p>\n\n\n\n<p class=\"has-medium-font-size\">Progetto sostenuto dal <a href=\"http:\/\/www.irencollabora.it\/\" target=\"_blank\" rel=\"noreferrer noopener\">Comitato Territoriale Iren di Genova <\/a><\/p>\n\n\n\n<figure class=\"wp-block-image size-large\"><img loading=\"lazy\" decoding=\"async\" width=\"1024\" height=\"1024\" src=\"https:\/\/emporiosolidalegenova.it\/wordpress\/wp-content\/uploads\/2024\/07\/CS-3-1024x1024.jpg\" alt=\"\" class=\"wp-image-2762\" srcset=\"https:\/\/emporiosolidalegenova.it\/wordpress\/wp-content\/uploads\/2024\/07\/CS-3-1024x1024.jpg 1024w, https:\/\/emporiosolidalegenova.it\/wordpress\/wp-content\/uploads\/2024\/07\/CS-3-300x300.jpg 300w, https:\/\/emporiosolidalegenova.it\/wordpress\/wp-content\/uploads\/2024\/07\/CS-3-150x150.jpg 150w, https:\/\/emporiosolidalegenova.it\/wordpress\/wp-content\/uploads\/2024\/07\/CS-3-768x768.jpg 768w, https:\/\/emporiosolidalegenova.it\/wordpress\/wp-content\/uploads\/2024\/07\/CS-3.jpg 1200w\" sizes=\"auto, (max-width: 1024px) 100vw, 1024px\" \/><\/figure>\n<\/div>\n\n\n\n<div class=\"wp-block-column is-layout-flow wp-block-column-is-layout-flow\">\n<figure class=\"wp-block-image size-large\"><img loading=\"lazy\" decoding=\"async\" width=\"1024\" height=\"1024\" src=\"https:\/\/emporiosolidalegenova.it\/wordpress\/wp-content\/uploads\/2024\/07\/CS-1-1-1024x1024.jpg\" alt=\"\" class=\"wp-image-2757\" srcset=\"https:\/\/emporiosolidalegenova.it\/wordpress\/wp-content\/uploads\/2024\/07\/CS-1-1-1024x1024.jpg 1024w, https:\/\/emporiosolidalegenova.it\/wordpress\/wp-content\/uploads\/2024\/07\/CS-1-1-300x300.jpg 300w, https:\/\/emporiosolidalegenova.it\/wordpress\/wp-content\/uploads\/2024\/07\/CS-1-1-150x150.jpg 150w, https:\/\/emporiosolidalegenova.it\/wordpress\/wp-content\/uploads\/2024\/07\/CS-1-1-768x768.jpg 768w, https:\/\/emporiosolidalegenova.it\/wordpress\/wp-content\/uploads\/2024\/07\/CS-1-1.jpg 1200w\" sizes=\"auto, (max-width: 1024px) 100vw, 1024px\" \/><\/figure>\n\n\n\n<div style=\"height:100px\" aria-hidden=\"true\" class=\"wp-block-spacer\"><\/div>\n\n\n\n<figure class=\"wp-block-image size-large\"><img loading=\"lazy\" decoding=\"async\" width=\"1024\" height=\"1024\" src=\"https:\/\/emporiosolidalegenova.it\/wordpress\/wp-content\/uploads\/2024\/07\/CS-2-1-1024x1024.jpg\" alt=\"\" class=\"wp-image-2758\" srcset=\"https:\/\/emporiosolidalegenova.it\/wordpress\/wp-content\/uploads\/2024\/07\/CS-2-1-1024x1024.jpg 1024w, https:\/\/emporiosolidalegenova.it\/wordpress\/wp-content\/uploads\/2024\/07\/CS-2-1-300x300.jpg 300w, https:\/\/emporiosolidalegenova.it\/wordpress\/wp-content\/uploads\/2024\/07\/CS-2-1-150x150.jpg 150w, https:\/\/emporiosolidalegenova.it\/wordpress\/wp-content\/uploads\/2024\/07\/CS-2-1-768x768.jpg 768w, https:\/\/emporiosolidalegenova.it\/wordpress\/wp-content\/uploads\/2024\/07\/CS-2-1.jpg 1200w\" sizes=\"auto, (max-width: 1024px) 100vw, 1024px\" \/><\/figure>\n<\/div>\n<\/div>\n","protected":false},"excerpt":{"rendered":"<p>Sofocle diceva: \u201cAiuta te mentre ci aiuti: pratica la solidariet\u00e0&#8221;. Noi abbracciamo questa idea, e quindi vi invitiamo TUTTI e TUTTE a partecipare all&#8217;inaugurazione del nuovo Charity Shop di via Canneto il Lungo, luned\u00ec 1 luglio alle 18:00. Cos\u00e8 un Charity Shop? Sul serio? Va bene, ve lo spieghiamo: avete presente un negozio dove regalate [&hellip;]<\/p>\n","protected":false},"author":1,"featured_media":2735,"comment_status":"closed","ping_status":"closed","sticky":false,"template":"","format":"standard","meta":{"ngg_post_thumbnail":0,"footnotes":""},"categories":[15],"tags":[],"class_list":["post-2712","post","type-post","status-publish","format-standard","has-post-thumbnail","hentry","category-eventi"],"_links":{"self":[{"href":"https:\/\/emporiosolidalegenova.it\/wordpress\/wp-json\/wp\/v2\/posts\/2712","targetHints":{"allow":["GET"]}}],"collection":[{"href":"https:\/\/emporiosolidalegenova.it\/wordpress\/wp-json\/wp\/v2\/posts"}],"about":[{"href":"https:\/\/emporiosolidalegenova.it\/wordpress\/wp-json\/wp\/v2\/types\/post"}],"author":[{"embeddable":true,"href":"https:\/\/emporiosolidalegenova.it\/wordpress\/wp-json\/wp\/v2\/users\/1"}],"replies":[{"embeddable":true,"href":"https:\/\/emporiosolidalegenova.it\/wordpress\/wp-json\/wp\/v2\/comments?post=2712"}],"version-history":[{"count":12,"href":"https:\/\/emporiosolidalegenova.it\/wordpress\/wp-json\/wp\/v2\/posts\/2712\/revisions"}],"predecessor-version":[{"id":31184,"href":"https:\/\/emporiosolidalegenova.it\/wordpress\/wp-json\/wp\/v2\/posts\/2712\/revisions\/31184"}],"wp:featuredmedia":[{"embeddable":true,"href":"https:\/\/emporiosolidalegenova.it\/wordpress\/wp-json\/wp\/v2\/media\/2735"}],"wp:attachment":[{"href":"https:\/\/emporiosolidalegenova.it\/wordpress\/wp-json\/wp\/v2\/media?parent=2712"}],"wp:term":[{"taxonomy":"category","embeddable":true,"href":"https:\/\/emporiosolidalegenova.it\/wordpress\/wp-json\/wp\/v2\/categories?post=2712"},{"taxonomy":"post_tag","embeddable":true,"href":"https:\/\/emporiosolidalegenova.it\/wordpress\/wp-json\/wp\/v2\/tags?post=2712"}],"curies":[{"name":"wp","href":"https:\/\/api.w.org\/{rel}","templated":true}]}}