{"id":2619,"date":"2024-05-30T11:45:49","date_gmt":"2024-05-30T09:45:49","guid":{"rendered":"https:\/\/emporiosolidalegenova.it\/wordpress\/?p=2619"},"modified":"2024-06-18T16:54:38","modified_gmt":"2024-06-18T14:54:38","slug":"domenica-16-6-ore-15-30-mattia-livoti-presenta-il-suo-libro-fringe","status":"publish","type":"post","link":"https:\/\/emporiosolidalegenova.it\/wordpress\/2024\/05\/30\/domenica-16-6-ore-15-30-mattia-livoti-presenta-il-suo-libro-fringe\/","title":{"rendered":"Domenica 16\/6 ore 15.30 Mattia Livoti presenta il suo libro &#8220;Fringe&#8221;"},"content":{"rendered":"\n<div class=\"wp-block-columns is-layout-flex wp-container-core-columns-is-layout-9d6595d7 wp-block-columns-is-layout-flex\">\n<div class=\"wp-block-column is-layout-flow wp-block-column-is-layout-flow\" style=\"flex-basis:33.33%\">\n<figure class=\"wp-block-image size-full\"><img loading=\"lazy\" decoding=\"async\" width=\"300\" height=\"300\" src=\"https:\/\/emporiosolidalegenova.it\/wordpress\/wp-content\/uploads\/2024\/05\/Mattia-Livoti.jpg\" alt=\"\" class=\"wp-image-2620\" srcset=\"https:\/\/emporiosolidalegenova.it\/wordpress\/wp-content\/uploads\/2024\/05\/Mattia-Livoti.jpg 300w, https:\/\/emporiosolidalegenova.it\/wordpress\/wp-content\/uploads\/2024\/05\/Mattia-Livoti-150x150.jpg 150w\" sizes=\"auto, (max-width: 300px) 100vw, 300px\" \/><\/figure>\n<\/div>\n\n\n\n<div class=\"wp-block-column is-layout-flow wp-block-column-is-layout-flow\" style=\"flex-basis:66.66%\">\n<p>Mattia Livoti \u00e8 nato a Genova nel maggio del 1997, crescendo al Cep, quartiere noto per la sua vita turbolenta.<br>Fin da giovane si \u00e8 appassionato al Parkour, sviluppando una notevole flessibilit\u00e0 fisica e mentale che lo ha portato ad esplorare discipline artistiche come il disegno, il tatuaggio, la scrittura e l&#8217;illusionismo.<br>Dopo aver conseguito una qualifica nel settore alberghiero, ha vissuto un&#8217;esperienza in Francia che lo ha poi spinto verso la spiritualit\u00e0, concentrandosi sul sogno lucido e le esperienze di OBE.<br>Il suo percorso lo ha portato a scrivere &#8220;Dentro al Fringe: Lucidi Esploratori Liminali&#8221;, un libro che riflette le sue esperienze e il suo background culturale.<br>Attualmente, si impegna nel diffondere le sue idee attraverso il &#8216;Percorso Fringe&#8217;.<\/p>\n<\/div>\n<\/div>\n\n\n\n<div class=\"wp-block-columns is-layout-flex wp-container-core-columns-is-layout-9d6595d7 wp-block-columns-is-layout-flex\">\n<div class=\"wp-block-column is-layout-flow wp-block-column-is-layout-flow\" style=\"flex-basis:66.66%\">\n<p>Il romanzo che leggerai \u00e8 il frutto dei numerosi anni di ricerca condotti dall\u2019autore ai limiti della coscienza, all\u2019interno dello sogno lucido, dello stato extra-corporeo e nei meandri della fase REM. Anzich\u00e9 proporre un noioso e difficile saggio, Mattia Livoti (l\u2019autore) sceglie cos\u00ec di presentare un \u201cquasi Fantasy\u201d dove una bella trama, semplice e lineare, gli d\u00e0 il via libera per raccontare numerose delle sue esperienze e scoperte nei nostri mondi interni. L\u2019autore si identifica in ogni personaggio narrato ma, in particolar modo, nel protagonista: il curioso e forte Gill. La storia viene narrata da Gill in persona ed \u00e8 una telecronaca diretta di ci\u00f2 che vive; le avventure con il padre, con i suoi compagni e le lezioni all\u2019interno del Fringe nascondono molti consigli e segreti utili ad una vita multidimensionale ricca e divertente. I LeL (lucidi esploratori liminali, persone in grado di viaggiare tra i mondi) e il Fringe ( il piano dimensionale che viene descritto come separato dalla vaglia e dal sogno) sono la raffigurazione di ci\u00f2 che l\u2019autore ha compreso e che vuole portare negli animi delle persone che leggeranno il testo. Il viaggio che Gill affronta verso il suo vero potenziale \u00e8 emozionante, ricco di spunti ed emozioni che solo i pi\u00f9 attenti potranno cogliere. Questo libro \u00e8 adatto a tutte le et\u00e0 e ha il potenziale per aprire la strada alle giovani menti sui poteri del sogno lucido e i misteri della fase REM. Che aspetti, dunque? Entra anche tu nel Fringe!<\/p>\n\n\n\n<figure class=\"wp-block-image size-full\"><a href=\"https:\/\/www.amazon.it\/Dentro-Fringe-Esploratori-Liminali-Sognatori\/dp\/B0CXN7LL8G\" target=\"_blank\" rel=\"noreferrer noopener\"><img loading=\"lazy\" decoding=\"async\" width=\"28\" height=\"28\" src=\"https:\/\/emporiosolidalegenova.it\/wordpress\/wp-content\/uploads\/2024\/05\/AMZ.png\" alt=\"\" class=\"wp-image-2630\"\/><\/a><\/figure>\n<\/div>\n\n\n\n<div class=\"wp-block-column is-layout-flow wp-block-column-is-layout-flow\" style=\"flex-basis:33.33%\">\n<figure class=\"wp-block-image size-full\"><img loading=\"lazy\" decoding=\"async\" width=\"306\" height=\"466\" src=\"https:\/\/emporiosolidalegenova.it\/wordpress\/wp-content\/uploads\/2024\/05\/Fringe.jpg\" alt=\"\" class=\"wp-image-2624\" srcset=\"https:\/\/emporiosolidalegenova.it\/wordpress\/wp-content\/uploads\/2024\/05\/Fringe.jpg 306w, https:\/\/emporiosolidalegenova.it\/wordpress\/wp-content\/uploads\/2024\/05\/Fringe-197x300.jpg 197w\" sizes=\"auto, (max-width: 306px) 100vw, 306px\" \/><\/figure>\n<\/div>\n<\/div>\n\n\n\n<div class=\"wp-block-columns is-layout-flex wp-container-core-columns-is-layout-9d6595d7 wp-block-columns-is-layout-flex\">\n<div class=\"wp-block-column is-layout-flow wp-block-column-is-layout-flow\">\n<figure class=\"wp-block-embed is-type-video is-provider-youtube wp-block-embed-youtube wp-embed-aspect-16-9 wp-has-aspect-ratio\"><div class=\"wp-block-embed__wrapper\">\n<iframe loading=\"lazy\" title=\"FRINGE, SOGNI LUCIDI E VIAGGI ASTRALI - MATTIA LIVOTI\" width=\"640\" height=\"360\" src=\"https:\/\/www.youtube.com\/embed\/dg4sGio8UMo?feature=oembed\" frameborder=\"0\" allow=\"accelerometer; autoplay; clipboard-write; encrypted-media; gyroscope; picture-in-picture; web-share\" referrerpolicy=\"strict-origin-when-cross-origin\" allowfullscreen><\/iframe>\n<\/div><\/figure>\n<\/div>\n\n\n\n<div class=\"wp-block-column is-layout-flow wp-block-column-is-layout-flow\">\n<figure class=\"wp-block-embed is-type-video is-provider-youtube wp-block-embed-youtube wp-embed-aspect-16-9 wp-has-aspect-ratio\"><div class=\"wp-block-embed__wrapper\">\n<iframe loading=\"lazy\" title=\"FRINGE: LA VIA MAESTRA DEL SOGNO | live con MATTIA LIVOTI\" width=\"640\" height=\"360\" src=\"https:\/\/www.youtube.com\/embed\/_XnlDHLDspM?feature=oembed\" frameborder=\"0\" allow=\"accelerometer; autoplay; clipboard-write; encrypted-media; gyroscope; picture-in-picture; web-share\" referrerpolicy=\"strict-origin-when-cross-origin\" allowfullscreen><\/iframe>\n<\/div><\/figure>\n<\/div>\n\n\n\n<div class=\"wp-block-column is-layout-flow wp-block-column-is-layout-flow\">\n<figure class=\"wp-block-embed is-type-video is-provider-youtube wp-block-embed-youtube wp-embed-aspect-16-9 wp-has-aspect-ratio\"><div class=\"wp-block-embed__wrapper\">\n<iframe loading=\"lazy\" title=\"LUCIDI ESPLORATORI LIMINALI.Con Mattia Livoti. #expedition_nicoleciccolo\" width=\"640\" height=\"360\" src=\"https:\/\/www.youtube.com\/embed\/Zp7ubsmqMVU?feature=oembed\" frameborder=\"0\" allow=\"accelerometer; autoplay; clipboard-write; encrypted-media; gyroscope; picture-in-picture; web-share\" referrerpolicy=\"strict-origin-when-cross-origin\" allowfullscreen><\/iframe>\n<\/div><\/figure>\n<\/div>\n<\/div>\n","protected":false},"excerpt":{"rendered":"<p>Mattia Livoti \u00e8 nato a Genova nel maggio del 1997, crescendo al Cep, quartiere noto per la sua vita turbolenta.Fin da giovane si \u00e8 appassionato al Parkour, sviluppando una notevole flessibilit\u00e0 fisica e mentale che lo ha portato ad esplorare discipline artistiche come il disegno, il tatuaggio, la scrittura e l&#8217;illusionismo.Dopo aver conseguito una qualifica [&hellip;]<\/p>\n","protected":false},"author":1,"featured_media":2621,"comment_status":"closed","ping_status":"closed","sticky":false,"template":"","format":"standard","meta":{"ngg_post_thumbnail":0,"footnotes":""},"categories":[15],"tags":[],"class_list":["post-2619","post","type-post","status-publish","format-standard","has-post-thumbnail","hentry","category-eventi"],"_links":{"self":[{"href":"https:\/\/emporiosolidalegenova.it\/wordpress\/wp-json\/wp\/v2\/posts\/2619","targetHints":{"allow":["GET"]}}],"collection":[{"href":"https:\/\/emporiosolidalegenova.it\/wordpress\/wp-json\/wp\/v2\/posts"}],"about":[{"href":"https:\/\/emporiosolidalegenova.it\/wordpress\/wp-json\/wp\/v2\/types\/post"}],"author":[{"embeddable":true,"href":"https:\/\/emporiosolidalegenova.it\/wordpress\/wp-json\/wp\/v2\/users\/1"}],"replies":[{"embeddable":true,"href":"https:\/\/emporiosolidalegenova.it\/wordpress\/wp-json\/wp\/v2\/comments?post=2619"}],"version-history":[{"count":4,"href":"https:\/\/emporiosolidalegenova.it\/wordpress\/wp-json\/wp\/v2\/posts\/2619\/revisions"}],"predecessor-version":[{"id":2631,"href":"https:\/\/emporiosolidalegenova.it\/wordpress\/wp-json\/wp\/v2\/posts\/2619\/revisions\/2631"}],"wp:featuredmedia":[{"embeddable":true,"href":"https:\/\/emporiosolidalegenova.it\/wordpress\/wp-json\/wp\/v2\/media\/2621"}],"wp:attachment":[{"href":"https:\/\/emporiosolidalegenova.it\/wordpress\/wp-json\/wp\/v2\/media?parent=2619"}],"wp:term":[{"taxonomy":"category","embeddable":true,"href":"https:\/\/emporiosolidalegenova.it\/wordpress\/wp-json\/wp\/v2\/categories?post=2619"},{"taxonomy":"post_tag","embeddable":true,"href":"https:\/\/emporiosolidalegenova.it\/wordpress\/wp-json\/wp\/v2\/tags?post=2619"}],"curies":[{"name":"wp","href":"https:\/\/api.w.org\/{rel}","templated":true}]}}