{"id":2236,"date":"2023-10-07T15:15:31","date_gmt":"2023-10-07T13:15:31","guid":{"rendered":"https:\/\/emporiosolidalegenova.it\/wordpress\/?p=2236"},"modified":"2023-11-04T11:23:48","modified_gmt":"2023-11-04T10:23:48","slug":"emporio-al-centro","status":"publish","type":"post","link":"https:\/\/emporiosolidalegenova.it\/wordpress\/2023\/10\/07\/emporio-al-centro\/","title":{"rendered":"Emporio al Centro"},"content":{"rendered":"\n<div class=\"wp-block-columns is-layout-flex wp-container-core-columns-is-layout-9d6595d7 wp-block-columns-is-layout-flex\">\n<div class=\"wp-block-column is-layout-flow wp-block-column-is-layout-flow\">\n<p>Sta per entrare nel vivo il progetto &#8220;L&#8217;EMPORIO AL CENTRO&#8221;, vincitore del bando \u201cRECREATE per azioni volte alla promozione del RECupero, della distRibuzione e dell\u2019Educazione AlimenTarE\u201d finanziato da <a href=\"https:\/\/www.facebook.com\/people\/Fondazione-Carige\/100067685396998\/?__cft__[0]=AZXd_czQjpoVkodFeqc1X-OPPf_z6GGub0oZCSdzPHM6qsJxW7v7R10laojH1LiUBN5eXJPmoRUzZHsZJi8GiR7gXBddKauiT2LGVpGyPhdRpfUAGTq9rvbCEKKeVm1sPUj82VfQ18fR7g9X9h84SfRKQ8Rf9Qf4lPTuQIsihJf6PmpE8MoMuYDA1uR76lhI_50&amp;__tn__=-]K-R\">Fondazione Carige<\/a>.<\/p>\n\n\n\n<p>Al centro, ci sar\u00e0 proprio l&#8217;<a href=\"https:\/\/www.facebook.com\/emporiosolidalegenova?__cft__[0]=AZXd_czQjpoVkodFeqc1X-OPPf_z6GGub0oZCSdzPHM6qsJxW7v7R10laojH1LiUBN5eXJPmoRUzZHsZJi8GiR7gXBddKauiT2LGVpGyPhdRpfUAGTq9rvbCEKKeVm1sPUj82VfQ18fR7g9X9h84SfRKQ8Rf9Qf4lPTuQIsihJf6PmpE8MoMuYDA1uR76lhI_50&amp;__tn__=-]K-R\">Emporio Solidale Genova<\/a>, nato nell&#8217;ambito del Patto di sussidiariet\u00e0 per la rigenerazione del <a href=\"https:\/\/www.facebook.com\/sestieredelmolo?__cft__[0]=AZXd_czQjpoVkodFeqc1X-OPPf_z6GGub0oZCSdzPHM6qsJxW7v7R10laojH1LiUBN5eXJPmoRUzZHsZJi8GiR7gXBddKauiT2LGVpGyPhdRpfUAGTq9rvbCEKKeVm1sPUj82VfQ18fR7g9X9h84SfRKQ8Rf9Qf4lPTuQIsihJf6PmpE8MoMuYDA1uR76lhI_50&amp;__tn__=-]K-R\">Sestiere del Molo<\/a>. L&#8217;Emporio solidale nasce per la distribuzione alimentare a famiglie del Centro Storico genovese che si trovano in stato di necessit\u00e0, con l&#8217;obbiettivo, di superare il mero &#8220;assistenzialismo&#8221;, valorizzando competenze, conoscenze ed esperienze dei destinatari \/ delle destinatarie, coinvolt* come parte attiva dell&#8217;impegno comune e favorendo scambio e condivisione.<\/p>\n\n\n\n<p>&#8220;L&#8217;EMPORIO AL CENTRO&#8221; vuole essere una naturale evoluzione che prevede, tra le altre cose, un incremento delle tipologie di prodotti alimentari da distribuire, un aumento dell&#8217;offerta di informazioni nutrizionali, ambientali e etiche sul consumo&#8230;<\/p>\n\n\n\n<p>Nei prossimi giorni verr\u00e0 comunicata la programmazione di incontri previsti, per introdurre alla cittadinanza temi-chiave quali la lotta allo <a href=\"https:\/\/www.facebook.com\/hashtag\/spreco?__eep__=6&amp;__cft__[0]=AZXd_czQjpoVkodFeqc1X-OPPf_z6GGub0oZCSdzPHM6qsJxW7v7R10laojH1LiUBN5eXJPmoRUzZHsZJi8GiR7gXBddKauiT2LGVpGyPhdRpfUAGTq9rvbCEKKeVm1sPUj82VfQ18fR7g9X9h84SfRKQ8Rf9Qf4lPTuQIsihJf6PmpE8MoMuYDA1uR76lhI_50&amp;__tn__=*NK-R\">#spreco<\/a>, la filiera <a href=\"https:\/\/www.facebook.com\/hashtag\/etica?__eep__=6&amp;__cft__[0]=AZXd_czQjpoVkodFeqc1X-OPPf_z6GGub0oZCSdzPHM6qsJxW7v7R10laojH1LiUBN5eXJPmoRUzZHsZJi8GiR7gXBddKauiT2LGVpGyPhdRpfUAGTq9rvbCEKKeVm1sPUj82VfQ18fR7g9X9h84SfRKQ8Rf9Qf4lPTuQIsihJf6PmpE8MoMuYDA1uR76lhI_50&amp;__tn__=*NK-R\">#etica<\/a> dei prodotti, le scelte di consumo consapevole, gli acquisti eco-compatibili, la cultura dell&#8217;alimentazione&#8230;<\/p>\n\n\n\n<p><\/p>\n<\/div>\n\n\n\n<div class=\"wp-block-column is-layout-flow wp-block-column-is-layout-flow\">\n<figure class=\"wp-block-image size-full\"><img loading=\"lazy\" decoding=\"async\" width=\"960\" height=\"540\" src=\"https:\/\/emporiosolidalegenova.it\/wordpress\/wp-content\/uploads\/2023\/10\/394502840_309094481851064_1304478204564326457_n.jpg\" alt=\"\" class=\"wp-image-2238\" srcset=\"https:\/\/emporiosolidalegenova.it\/wordpress\/wp-content\/uploads\/2023\/10\/394502840_309094481851064_1304478204564326457_n.jpg 960w, https:\/\/emporiosolidalegenova.it\/wordpress\/wp-content\/uploads\/2023\/10\/394502840_309094481851064_1304478204564326457_n-300x169.jpg 300w, https:\/\/emporiosolidalegenova.it\/wordpress\/wp-content\/uploads\/2023\/10\/394502840_309094481851064_1304478204564326457_n-768x432.jpg 768w\" sizes=\"auto, (max-width: 960px) 100vw, 960px\" \/><\/figure>\n\n\n\n<p><\/p>\n\n\n\n<p>Capofila di progetto \u00e8 <a href=\"https:\/\/www.facebook.com\/CooperativaIlCeSto?__cft__[0]=AZXd_czQjpoVkodFeqc1X-OPPf_z6GGub0oZCSdzPHM6qsJxW7v7R10laojH1LiUBN5eXJPmoRUzZHsZJi8GiR7gXBddKauiT2LGVpGyPhdRpfUAGTq9rvbCEKKeVm1sPUj82VfQ18fR7g9X9h84SfRKQ8Rf9Qf4lPTuQIsihJf6PmpE8MoMuYDA1uR76lhI_50&amp;__tn__=-]K-R\">Il Cesto Genova<\/a>, in partenariato con realt\u00e0 gi\u00e0 attive sul territorio: <a href=\"https:\/\/www.facebook.com\/CoopLiguria?__cft__[0]=AZXd_czQjpoVkodFeqc1X-OPPf_z6GGub0oZCSdzPHM6qsJxW7v7R10laojH1LiUBN5eXJPmoRUzZHsZJi8GiR7gXBddKauiT2LGVpGyPhdRpfUAGTq9rvbCEKKeVm1sPUj82VfQ18fR7g9X9h84SfRKQ8Rf9Qf4lPTuQIsihJf6PmpE8MoMuYDA1uR76lhI_50&amp;__tn__=-]K-R\">Coop Liguria<\/a>, <a href=\"https:\/\/www.facebook.com\/riotcoop?__cft__[0]=AZXd_czQjpoVkodFeqc1X-OPPf_z6GGub0oZCSdzPHM6qsJxW7v7R10laojH1LiUBN5eXJPmoRUzZHsZJi8GiR7gXBddKauiT2LGVpGyPhdRpfUAGTq9rvbCEKKeVm1sPUj82VfQ18fR7g9X9h84SfRKQ8Rf9Qf4lPTuQIsihJf6PmpE8MoMuYDA1uR76lhI_50&amp;__tn__=-]K-R\">RIOT.coop<\/a>, <a href=\"https:\/\/www.facebook.com\/labottegasolidale?__cft__[0]=AZXd_czQjpoVkodFeqc1X-OPPf_z6GGub0oZCSdzPHM6qsJxW7v7R10laojH1LiUBN5eXJPmoRUzZHsZJi8GiR7gXBddKauiT2LGVpGyPhdRpfUAGTq9rvbCEKKeVm1sPUj82VfQ18fR7g9X9h84SfRKQ8Rf9Qf4lPTuQIsihJf6PmpE8MoMuYDA1uR76lhI_50&amp;__tn__=-]K-R\">La Bottega Solidale Genova<\/a> \/<a href=\"https:\/\/www.facebook.com\/hashtag\/altromercato?__eep__=6&amp;__cft__[0]=AZXd_czQjpoVkodFeqc1X-OPPf_z6GGub0oZCSdzPHM6qsJxW7v7R10laojH1LiUBN5eXJPmoRUzZHsZJi8GiR7gXBddKauiT2LGVpGyPhdRpfUAGTq9rvbCEKKeVm1sPUj82VfQ18fR7g9X9h84SfRKQ8Rf9Qf4lPTuQIsihJf6PmpE8MoMuYDA1uR76lhI_50&amp;__tn__=*NK-R\">#altromercato<\/a><img loading=\"lazy\" decoding=\"async\" height=\"16\" width=\"16\" alt=\"\u2764\" src=\"https:\/\/static.xx.fbcdn.net\/images\/emoji.php\/v9\/t6c\/1\/16\/2764.png\"><\/p>\n\n\n\n<p>Partecipare agli incontri rappresenter\u00e0 un&#8217;occasione formativa e relazionale insieme. Perch\u00e8 il cibo \u00e8 anche consapevolezza e condivisione.<\/p>\n\n\n\n<p><img loading=\"lazy\" decoding=\"async\" height=\"16\" width=\"16\" src=\"https:\/\/static.xx.fbcdn.net\/images\/emoji.php\/v9\/t51\/1\/16\/1f449.png\" alt=\"????\">STAY TUNED per scoprire i vari appuntamenti!<\/p>\n<\/div>\n<\/div>\n","protected":false},"excerpt":{"rendered":"<p>Sta per entrare nel vivo il progetto &#8220;L&#8217;EMPORIO AL CENTRO&#8221;, vincitore del bando \u201cRECREATE per azioni volte alla promozione del RECupero, della distRibuzione e dell\u2019Educazione AlimenTarE\u201d finanziato da Fondazione Carige. Al centro, ci sar\u00e0 proprio l&#8217;Emporio Solidale Genova, nato nell&#8217;ambito del Patto di sussidiariet\u00e0 per la rigenerazione del Sestiere del Molo. L&#8217;Emporio solidale nasce per [&hellip;]<\/p>\n","protected":false},"author":1,"featured_media":2238,"comment_status":"closed","ping_status":"closed","sticky":false,"template":"","format":"standard","meta":{"ngg_post_thumbnail":0,"footnotes":""},"categories":[14],"tags":[],"class_list":["post-2236","post","type-post","status-publish","format-standard","has-post-thumbnail","hentry","category-progetti"],"_links":{"self":[{"href":"https:\/\/emporiosolidalegenova.it\/wordpress\/wp-json\/wp\/v2\/posts\/2236","targetHints":{"allow":["GET"]}}],"collection":[{"href":"https:\/\/emporiosolidalegenova.it\/wordpress\/wp-json\/wp\/v2\/posts"}],"about":[{"href":"https:\/\/emporiosolidalegenova.it\/wordpress\/wp-json\/wp\/v2\/types\/post"}],"author":[{"embeddable":true,"href":"https:\/\/emporiosolidalegenova.it\/wordpress\/wp-json\/wp\/v2\/users\/1"}],"replies":[{"embeddable":true,"href":"https:\/\/emporiosolidalegenova.it\/wordpress\/wp-json\/wp\/v2\/comments?post=2236"}],"version-history":[{"count":9,"href":"https:\/\/emporiosolidalegenova.it\/wordpress\/wp-json\/wp\/v2\/posts\/2236\/revisions"}],"predecessor-version":[{"id":2252,"href":"https:\/\/emporiosolidalegenova.it\/wordpress\/wp-json\/wp\/v2\/posts\/2236\/revisions\/2252"}],"wp:featuredmedia":[{"embeddable":true,"href":"https:\/\/emporiosolidalegenova.it\/wordpress\/wp-json\/wp\/v2\/media\/2238"}],"wp:attachment":[{"href":"https:\/\/emporiosolidalegenova.it\/wordpress\/wp-json\/wp\/v2\/media?parent=2236"}],"wp:term":[{"taxonomy":"category","embeddable":true,"href":"https:\/\/emporiosolidalegenova.it\/wordpress\/wp-json\/wp\/v2\/categories?post=2236"},{"taxonomy":"post_tag","embeddable":true,"href":"https:\/\/emporiosolidalegenova.it\/wordpress\/wp-json\/wp\/v2\/tags?post=2236"}],"curies":[{"name":"wp","href":"https:\/\/api.w.org\/{rel}","templated":true}]}}